{"id":747,"date":"2020-12-01T17:45:49","date_gmt":"2020-12-01T16:45:49","guid":{"rendered":"http:\/\/gewerbeverein-lindenhof.de\/?p=747"},"modified":"2020-12-01T17:45:49","modified_gmt":"2020-12-01T16:45:49","slug":"herzlich-willkommen-beim-buchladen-lindenhof-am-gontardplatz","status":"publish","type":"post","link":"https:\/\/gewerbeverein-lindenhof.de\/?p=747","title":{"rendered":"Herzlich willkommen beim Buchladen Lindenhof am Gontardplatz!"},"content":{"rendered":"<div class=\"fcbkbttn_buttons_block\" id=\"fcbkbttn_left\"><div class=\"fcbkbttn_like \"><fb:like href=\"https:\/\/gewerbeverein-lindenhof.de\/?p=747\" action=\"like\" colorscheme=\"light\" layout=\"button_count\"  size=\"small\"><\/fb:like><\/div><\/div>\n<p>Fr\u00fcher hatte fast jeder Stadtteil seine eigene Buchhandlung. Heutzutage ist es eher eine Seltenheit. Im Oktober 2016 \u00f6ffnete der Buchladen Lindenhof das erste Mal seine T\u00fcr. Wir bieten Neuerscheinungen, Klassiker, historische Romane und nat\u00fcrlich auch Krimis und Thriller sowie eine gro\u00dfe Auswahl an vielseitigen Sach- und Kochb\u00fcchern. Bestellte B\u00fccher sind schon am n\u00e4chsten Morgen im Laden abholbereit. Die ganze Auswahl gibt es nat\u00fcrlich auch online in unserem Shop unter:<br><a href=\"http:\/\/www.buchladen-lindenhof.de\"><strong>www.buchladen-lindenhof.de<\/strong><\/a><\/p>\n\n\n\n<p>Mit der <strong>Abholfachbestellung <\/strong>\u00fcber &#8220;Click and Collect&#8221; landen die B\u00fccher bei uns im Abholfach und warten dort auf Sie: Keine Pakete die herumgeschickt und sp\u00e4ter auch noch entsorgt werden m\u00fcssen. Keine entnervten Nachbarn, die Ihre Pakete annehmen m\u00fcssen. Alternativ zur Abholung im Laden, fahren wir die Ware umweltfreundlich und klimaneutral per Fahrrad zu Ihnen nach Hause.<\/p>\n\n\n\n<figure class=\"wp-block-image size-large\"><img loading=\"lazy\" decoding=\"async\" width=\"848\" height=\"290\" src=\"https:\/\/gewerbeverein-lindenhof.de\/wp-content\/uploads\/2020\/12\/Slide_AU-jpg_848x290-ID16410-c0e59d89eaa136174dffefd812ffe838.jpg\" alt=\"\" class=\"wp-image-751 colorbox-747\" srcset=\"https:\/\/gewerbeverein-lindenhof.de\/wp-content\/uploads\/2020\/12\/Slide_AU-jpg_848x290-ID16410-c0e59d89eaa136174dffefd812ffe838.jpg 848w, https:\/\/gewerbeverein-lindenhof.de\/wp-content\/uploads\/2020\/12\/Slide_AU-jpg_848x290-ID16410-c0e59d89eaa136174dffefd812ffe838-300x103.jpg 300w, https:\/\/gewerbeverein-lindenhof.de\/wp-content\/uploads\/2020\/12\/Slide_AU-jpg_848x290-ID16410-c0e59d89eaa136174dffefd812ffe838-768x263.jpg 768w\" sizes=\"auto, (max-width: 848px) 100vw, 848px\" \/><\/figure>\n\n\n\n<p>Der Buchladen Lindenhof zeigt auch welche Perlen hier regional wachsen. Neben den B\u00fcchern mehrerer regionaler Verlage, bieten wir ausgew\u00e4hlten Selbstverlegern die M\u00f6glichkeit, ihre B\u00fccher vorzustellen.<\/p>\n\n\n\n<p>Ein besonderes Augenmerk haben wir auf die Leser von morgen, die kleinen Lindenh\u00f6fer. Wir bieten Pixi-B\u00fccher und Lesepappen f\u00fcr die ganz kleinen und nat\u00fcrlich die tonies an, unsere geliebten H\u00f6rspielfiguren f\u00fcrs Kinderzimmer; Eine gro\u00dfe Auswahl an B\u00fcchern zum Vorlesen und f\u00fcrs Erstlesealter. Und nat\u00fcrlich all die wunderbare Literatur f\u00fcr lesebegeisterte Kinder. Au\u00dferdem k\u00f6nnen Sie f\u00fcr Ihre Kinder eine gro\u00dfe Auswahl an Kuscheltieren und Spielen erwerben.<\/p>\n\n\n\n<figure class=\"wp-block-image size-large\"><img loading=\"lazy\" decoding=\"async\" width=\"848\" height=\"290\" src=\"https:\/\/gewerbeverein-lindenhof.de\/wp-content\/uploads\/2020\/12\/Slide_Kinderbuch-jpg_848x290-ID16408-fb2dd7f9bd3a6d93fae7758358c6a5a6.jpg\" alt=\"\" class=\"wp-image-749 colorbox-747\" srcset=\"https:\/\/gewerbeverein-lindenhof.de\/wp-content\/uploads\/2020\/12\/Slide_Kinderbuch-jpg_848x290-ID16408-fb2dd7f9bd3a6d93fae7758358c6a5a6.jpg 848w, https:\/\/gewerbeverein-lindenhof.de\/wp-content\/uploads\/2020\/12\/Slide_Kinderbuch-jpg_848x290-ID16408-fb2dd7f9bd3a6d93fae7758358c6a5a6-300x103.jpg 300w, https:\/\/gewerbeverein-lindenhof.de\/wp-content\/uploads\/2020\/12\/Slide_Kinderbuch-jpg_848x290-ID16408-fb2dd7f9bd3a6d93fae7758358c6a5a6-768x263.jpg 768w\" sizes=\"auto, (max-width: 848px) 100vw, 848px\" \/><\/figure>\n\n\n\n<p>Der Buchladen Lindenhof hat auch ein Herz f\u00fcr die Musik. Mit Hilfe eines Notengro\u00dfh\u00e4ndlers k\u00f6nnen wir in kurzer Zeit Noten, Songbooks, Musik- und Liederb\u00fccher beschaffen. Daneben f\u00fchren wir ein kleines Schreibwarensortiment und viele tollen Post- und Gru\u00dfkarten.<\/p>\n\n\n\n<p>Unsere Veranstaltungen haben leider momentan Pause, aber normalerweise laden wir monatlich zu Lesungen, Konzerten oder Events ein. &nbsp;<\/p>\n\n\n\n<p>Jetzt an Weihnachten holen wir uns eine fedrig leichte winterwei\u00dfe Weihnacht in den Laden &#8211; mit unseren wundersch\u00f6nen Dekorationsartikeln. Es g\u00e4be noch so viel zu erz\u00e4hlen. Vielleicht kommen sie einfach mal vorbei? Um Sie und uns zu sch\u00fctzen haben wir einen kleinen Helfer gegen Corona-Viren im Laden. Der Hygienefilter filtert nicht, sondern sorgt auch f\u00fcr eine kontinuierliche Luftbewegung.<\/p>\n\n\n\n<figure class=\"wp-block-image size-large\"><img loading=\"lazy\" decoding=\"async\" width=\"848\" height=\"290\" src=\"https:\/\/gewerbeverein-lindenhof.de\/wp-content\/uploads\/2020\/12\/IMG_0375-JPG_848x290-ID37242-0613518cacb4ab96c9590596fbcaa7e7.jpg\" alt=\"\" class=\"wp-image-750 colorbox-747\" srcset=\"https:\/\/gewerbeverein-lindenhof.de\/wp-content\/uploads\/2020\/12\/IMG_0375-JPG_848x290-ID37242-0613518cacb4ab96c9590596fbcaa7e7.jpg 848w, https:\/\/gewerbeverein-lindenhof.de\/wp-content\/uploads\/2020\/12\/IMG_0375-JPG_848x290-ID37242-0613518cacb4ab96c9590596fbcaa7e7-300x103.jpg 300w, https:\/\/gewerbeverein-lindenhof.de\/wp-content\/uploads\/2020\/12\/IMG_0375-JPG_848x290-ID37242-0613518cacb4ab96c9590596fbcaa7e7-768x263.jpg 768w\" sizes=\"auto, (max-width: 848px) 100vw, 848px\" \/><\/figure>\n\n\n\n<p>Denken Sie daran: Ab dem 6. Dezember vers\u00fc\u00dfen wir jeden Besuch im Laden mit einer kleinen \u00dcberraschung.<\/p>\n","protected":false},"excerpt":{"rendered":"<p>Fr\u00fcher hatte fast jeder Stadtteil seine eigene Buchhandlung. Heutzutage ist es eher eine Seltenheit. Im Oktober 2016 \u00f6ffnete der Buchladen Lindenhof das erste Mal seine T\u00fcr. Wir bieten Neuerscheinungen, Klassiker, historische Romane und nat\u00fcrlich auch Krimis und Thriller sowie eine &hellip; <a href=\"https:\/\/gewerbeverein-lindenhof.de\/?p=747\">Continue reading <span class=\"meta-nav\">&rarr;<\/span><\/a><\/p>\n","protected":false},"author":59,"featured_media":0,"comment_status":"open","ping_status":"closed","sticky":false,"template":"","format":"standard","meta":{"footnotes":""},"categories":[1],"tags":[],"class_list":["post-747","post","type-post","status-publish","format-standard","hentry","category-mitgliederinfo"],"_links":{"self":[{"href":"https:\/\/gewerbeverein-lindenhof.de\/index.php?rest_route=\/wp\/v2\/posts\/747","targetHints":{"allow":["GET"]}}],"collection":[{"href":"https:\/\/gewerbeverein-lindenhof.de\/index.php?rest_route=\/wp\/v2\/posts"}],"about":[{"href":"https:\/\/gewerbeverein-lindenhof.de\/index.php?rest_route=\/wp\/v2\/types\/post"}],"author":[{"embeddable":true,"href":"https:\/\/gewerbeverein-lindenhof.de\/index.php?rest_route=\/wp\/v2\/users\/59"}],"replies":[{"embeddable":true,"href":"https:\/\/gewerbeverein-lindenhof.de\/index.php?rest_route=%2Fwp%2Fv2%2Fcomments&post=747"}],"version-history":[{"count":2,"href":"https:\/\/gewerbeverein-lindenhof.de\/index.php?rest_route=\/wp\/v2\/posts\/747\/revisions"}],"predecessor-version":[{"id":752,"href":"https:\/\/gewerbeverein-lindenhof.de\/index.php?rest_route=\/wp\/v2\/posts\/747\/revisions\/752"}],"wp:attachment":[{"href":"https:\/\/gewerbeverein-lindenhof.de\/index.php?rest_route=%2Fwp%2Fv2%2Fmedia&parent=747"}],"wp:term":[{"taxonomy":"category","embeddable":true,"href":"https:\/\/gewerbeverein-lindenhof.de\/index.php?rest_route=%2Fwp%2Fv2%2Fcategories&post=747"},{"taxonomy":"post_tag","embeddable":true,"href":"https:\/\/gewerbeverein-lindenhof.de\/index.php?rest_route=%2Fwp%2Fv2%2Ftags&post=747"}],"curies":[{"name":"wp","href":"https:\/\/api.w.org\/{rel}","templated":true}]}}