{"id":769,"date":"2021-08-17T21:34:59","date_gmt":"2021-08-17T20:34:59","guid":{"rendered":"http:\/\/gewerbeverein-lindenhof.de\/?p=769"},"modified":"2021-08-17T21:41:03","modified_gmt":"2021-08-17T20:41:03","slug":"mannheimer-kulturtragfestival","status":"publish","type":"post","link":"https:\/\/gewerbeverein-lindenhof.de\/?p=769","title":{"rendered":"Mannheimer Kulturtragfestival"},"content":{"rendered":"<div class=\"fcbkbttn_buttons_block\" id=\"fcbkbttn_left\"><div class=\"fcbkbttn_like \"><fb:like href=\"https:\/\/gewerbeverein-lindenhof.de\/?p=769\" action=\"like\" colorscheme=\"light\" layout=\"button_count\"  size=\"small\"><\/fb:like><\/div><\/div>\n<p>In K\u00fcrze ist das Mannheimer Kulturtragfestival ein Unterst\u00fctzungsangebot und F\u00f6rderprogramm f\u00fcr die regionale Veranstalter:innen- und K\u00fcnstler:innenszene im zweiten Coronasommer. Es wird getragen vom Kulturtragfl\u00e4chen e.V. und unterst\u00fctzt durch die Stadt Mannheim, das Kulturamt, die Kulturstiftung des Bundes und die Mannheimer B\u00fcrgerstiftung.<\/p>\n\n\n\n<p>Um die ganze Geschichte zu erz\u00e4hlen, m\u00fcssen wir auf den Juni 2020 zur\u00fcckblicken, als sich die Kulturschaffenden Mannheims mit weiteren kulturinteressierten B\u00fcrgerinnen und B\u00fcrgern zu einer Demonstration zusammen fanden, um auf die missliche Lage der Branche in der Pandemie aufmerksam zu machen. Es entstand das B\u00fcndnis Kulturschaffender Mannheims \u2013 kurz BKM \u2013 das fortan gemeinsam mit Mannheims Nachtb\u00fcrgermeister, dem Kulturamt und einer fraktions\u00fcbergreifenden Delegation des Gemeinderates an einem \u201eRunden Tisch\u201c Bedarfe der Szene diskutierte.<\/p>\n\n\n\n<p>In dieser Konstellation erwuchs die Vision einer gro\u00dffl\u00e4chigen kulturellen Bespielung des \u00f6ffentlichen Raumes. Eine pandemiekonforme Infrastruktur sollte seitens der Stadt zur Verf\u00fcgung gestellt werden, um all jenen Mannheimer Kulturakteuren einen sicheren Rahmen zu geben, die derzeit eigene R\u00e4umlichkeiten nicht oder nur unter stark erschwerten Bedingungen nutzen k\u00f6nnen. Zugleich sollte den B\u00fcrgerinnen und B\u00fcrgern der Stadt ein m\u00f6glichst unbeschwerter Zugang zu Kultur erm\u00f6glicht werden, um den Strapazen dieser Tage einen positiv besetzten Erlebnisraum gegen\u00fcberzustellen.<\/p>\n\n\n\n<p>In einem umfangreichen und zeitintensiven Abstimmungsprozess mit der Stadt wurden bisher zahlreiche Freifl\u00e4chen im \u00f6ffentlichen Raum zusammengetragen und auf ihre Eignung als Kulturspielst\u00e4tte hin gepr\u00fcft. Dabei wurden die Bedarfe der Kulturszene sorgf\u00e4ltig mit Aspekten wie \u00f6ffentliche Sicherheit, L\u00e4rmschutz und Artenschutz abgeglichen.<\/p>\n\n\n\n<p>Das Ergebnis ist eine gro\u00dfe Veranstaltungsfl\u00e4che mit einer Besucherkapazit\u00e4t von vorerst 250 Personen von Juli bis Anfang Oktober mit einer B\u00fchne und der technischen wie personellen Infrastruktur f\u00fcr die unterschiedlichsten kulturellen Veranstaltungen ausgestattet sein wird. An vier zus\u00e4tzlichen Orten \u2013 den sogenannten Pop-Up-Fl\u00e4chen \u2013 ist jeweils eine tempor\u00e4re Nutzung mit einer kleineren, mobilen Infrastruktur vorgesehen. Dar\u00fcber hinaus soll ein vereinfachtes Genehmigungsverfahren f\u00fcr diese Fl\u00e4chen die Hemmschwelle f\u00fcr unabh\u00e4ngige Veranstalter senken, den \u00f6ffentlichen Raum kulturell zu beleben.<\/p>\n\n\n\n<p>Das BKM erarbeitete \u2013 in ehrenamtlicher Initiative \u2013 ein detailliertes Konzept zur Bespielung jener Fl\u00e4chen. Kern des Kulturprogramms \u201eMannheimer Kulturtragfestival\u201c bilden Veranstaltungen, die von dem durch das BKM gegr\u00fcndeten Verein Kulturtragfl\u00e4chen e.V. durchgef\u00fchrt und von einer Vielzahl unterschiedlichster Initiativen, Netzwerke und B\u00fcndnisse der freien Kulturszene Mannheims gestaltet werden. Die Bandbreite soll von Musik, Lesungen, Theater und Tanz \u00fcber Sprechkunst, Kabarett, Kinderprogramm und Diskussions-Veranstaltungen reichen und wird von der Stadt und \u00fcber einen Antrag an die Kulturstiftung des Bundes finanziell gef\u00f6rdert. Neben zahlreichen ehrenamtlichen Akteuren werden vor allem professionelle K\u00fcnstlerInnen, f\u00fcr die die pandemischen Einschr\u00e4nkungen eine existentielle Herausforderung darstellen, auf der B\u00fchne zu sehen sein. Erg\u00e4nzt wird dieses Programm durch Angebote kommerzieller Veranstalter, so dass die kulturelle Vielfalt der Stadt in bestm\u00f6glicher Weise sichtbar gemacht werden kann.<br><br><a href=\"https:\/\/www.kulturtragflaechen.de\" target=\"_blank\" rel=\"noreferrer noopener\">https:\/\/www.kulturtragflaechen.de<\/a><\/p>\n\n\n\n<p><\/p>\n\n\n\n<figure class=\"wp-block-gallery columns-2 is-cropped wp-block-gallery-1 is-layout-flex wp-block-gallery-is-layout-flex\"><ul class=\"blocks-gallery-grid\"><li class=\"blocks-gallery-item\"><figure><a href=\"https:\/\/gewerbeverein-lindenhof.de\/wp-content\/uploads\/2021\/08\/20210811_202847-rotated.jpg\"><img loading=\"lazy\" decoding=\"async\" width=\"480\" height=\"640\" src=\"https:\/\/gewerbeverein-lindenhof.de\/wp-content\/uploads\/2021\/08\/20210811_202847-rotated.jpg\" alt=\"\" data-id=\"771\" data-full-url=\"https:\/\/gewerbeverein-lindenhof.de\/wp-content\/uploads\/2021\/08\/20210811_202847-rotated.jpg\" data-link=\"https:\/\/gewerbeverein-lindenhof.de\/?attachment_id=771\" class=\"wp-image-771 colorbox-769\" srcset=\"https:\/\/gewerbeverein-lindenhof.de\/wp-content\/uploads\/2021\/08\/20210811_202847-rotated.jpg 480w, https:\/\/gewerbeverein-lindenhof.de\/wp-content\/uploads\/2021\/08\/20210811_202847-225x300.jpg 225w\" sizes=\"auto, (max-width: 480px) 100vw, 480px\" \/><\/a><\/figure><\/li><li class=\"blocks-gallery-item\"><figure><a href=\"https:\/\/gewerbeverein-lindenhof.de\/wp-content\/uploads\/2021\/08\/20210811_211020-rotated.jpg\"><img loading=\"lazy\" decoding=\"async\" width=\"480\" height=\"640\" src=\"https:\/\/gewerbeverein-lindenhof.de\/wp-content\/uploads\/2021\/08\/20210811_211020-rotated.jpg\" alt=\"\" data-id=\"773\" data-full-url=\"https:\/\/gewerbeverein-lindenhof.de\/wp-content\/uploads\/2021\/08\/20210811_211020-rotated.jpg\" data-link=\"https:\/\/gewerbeverein-lindenhof.de\/?attachment_id=773\" class=\"wp-image-773 colorbox-769\" srcset=\"https:\/\/gewerbeverein-lindenhof.de\/wp-content\/uploads\/2021\/08\/20210811_211020-rotated.jpg 480w, https:\/\/gewerbeverein-lindenhof.de\/wp-content\/uploads\/2021\/08\/20210811_211020-225x300.jpg 225w\" sizes=\"auto, (max-width: 480px) 100vw, 480px\" \/><\/a><\/figure><\/li><li class=\"blocks-gallery-item\"><figure><a href=\"https:\/\/gewerbeverein-lindenhof.de\/wp-content\/uploads\/2021\/08\/20210811_213550.jpg\"><img loading=\"lazy\" decoding=\"async\" width=\"640\" height=\"480\" src=\"https:\/\/gewerbeverein-lindenhof.de\/wp-content\/uploads\/2021\/08\/20210811_213550.jpg\" alt=\"\" data-id=\"774\" data-full-url=\"https:\/\/gewerbeverein-lindenhof.de\/wp-content\/uploads\/2021\/08\/20210811_213550.jpg\" data-link=\"https:\/\/gewerbeverein-lindenhof.de\/?attachment_id=774\" class=\"wp-image-774 colorbox-769\" srcset=\"https:\/\/gewerbeverein-lindenhof.de\/wp-content\/uploads\/2021\/08\/20210811_213550.jpg 640w, https:\/\/gewerbeverein-lindenhof.de\/wp-content\/uploads\/2021\/08\/20210811_213550-300x225.jpg 300w\" sizes=\"auto, (max-width: 640px) 100vw, 640px\" \/><\/a><\/figure><\/li><li class=\"blocks-gallery-item\"><figure><a href=\"https:\/\/gewerbeverein-lindenhof.de\/wp-content\/uploads\/2021\/08\/20210811_201959.jpg\"><img loading=\"lazy\" decoding=\"async\" width=\"640\" height=\"480\" src=\"https:\/\/gewerbeverein-lindenhof.de\/wp-content\/uploads\/2021\/08\/20210811_201959.jpg\" alt=\"\" data-id=\"770\" data-full-url=\"https:\/\/gewerbeverein-lindenhof.de\/wp-content\/uploads\/2021\/08\/20210811_201959.jpg\" data-link=\"https:\/\/gewerbeverein-lindenhof.de\/?attachment_id=770\" class=\"wp-image-770 colorbox-769\" srcset=\"https:\/\/gewerbeverein-lindenhof.de\/wp-content\/uploads\/2021\/08\/20210811_201959.jpg 640w, https:\/\/gewerbeverein-lindenhof.de\/wp-content\/uploads\/2021\/08\/20210811_201959-300x225.jpg 300w\" sizes=\"auto, (max-width: 640px) 100vw, 640px\" \/><\/a><\/figure><\/li><li class=\"blocks-gallery-item\"><figure><a href=\"https:\/\/gewerbeverein-lindenhof.de\/wp-content\/uploads\/2021\/08\/20210811_210513.jpg\"><img loading=\"lazy\" decoding=\"async\" width=\"640\" height=\"480\" src=\"https:\/\/gewerbeverein-lindenhof.de\/wp-content\/uploads\/2021\/08\/20210811_210513.jpg\" alt=\"\" data-id=\"772\" data-full-url=\"https:\/\/gewerbeverein-lindenhof.de\/wp-content\/uploads\/2021\/08\/20210811_210513.jpg\" data-link=\"https:\/\/gewerbeverein-lindenhof.de\/?attachment_id=772\" class=\"wp-image-772 colorbox-769\" srcset=\"https:\/\/gewerbeverein-lindenhof.de\/wp-content\/uploads\/2021\/08\/20210811_210513.jpg 640w, https:\/\/gewerbeverein-lindenhof.de\/wp-content\/uploads\/2021\/08\/20210811_210513-300x225.jpg 300w\" sizes=\"auto, (max-width: 640px) 100vw, 640px\" \/><\/a><\/figure><\/li><\/ul><\/figure>\n","protected":false},"excerpt":{"rendered":"<p>In K\u00fcrze ist das Mannheimer Kulturtragfestival ein Unterst\u00fctzungsangebot und F\u00f6rderprogramm f\u00fcr die regionale Veranstalter:innen- und K\u00fcnstler:innenszene im zweiten Coronasommer. Es wird getragen vom Kulturtragfl\u00e4chen e.V. und unterst\u00fctzt durch die Stadt Mannheim, das Kulturamt, die Kulturstiftung des Bundes und die Mannheimer &hellip; <a href=\"https:\/\/gewerbeverein-lindenhof.de\/?p=769\">Continue reading <span class=\"meta-nav\">&rarr;<\/span><\/a><\/p>\n","protected":false},"author":59,"featured_media":0,"comment_status":"open","ping_status":"closed","sticky":false,"template":"","format":"standard","meta":{"footnotes":""},"categories":[1],"tags":[],"class_list":["post-769","post","type-post","status-publish","format-standard","hentry","category-mitgliederinfo"],"_links":{"self":[{"href":"https:\/\/gewerbeverein-lindenhof.de\/index.php?rest_route=\/wp\/v2\/posts\/769","targetHints":{"allow":["GET"]}}],"collection":[{"href":"https:\/\/gewerbeverein-lindenhof.de\/index.php?rest_route=\/wp\/v2\/posts"}],"about":[{"href":"https:\/\/gewerbeverein-lindenhof.de\/index.php?rest_route=\/wp\/v2\/types\/post"}],"author":[{"embeddable":true,"href":"https:\/\/gewerbeverein-lindenhof.de\/index.php?rest_route=\/wp\/v2\/users\/59"}],"replies":[{"embeddable":true,"href":"https:\/\/gewerbeverein-lindenhof.de\/index.php?rest_route=%2Fwp%2Fv2%2Fcomments&post=769"}],"version-history":[{"count":9,"href":"https:\/\/gewerbeverein-lindenhof.de\/index.php?rest_route=\/wp\/v2\/posts\/769\/revisions"}],"predecessor-version":[{"id":783,"href":"https:\/\/gewerbeverein-lindenhof.de\/index.php?rest_route=\/wp\/v2\/posts\/769\/revisions\/783"}],"wp:attachment":[{"href":"https:\/\/gewerbeverein-lindenhof.de\/index.php?rest_route=%2Fwp%2Fv2%2Fmedia&parent=769"}],"wp:term":[{"taxonomy":"category","embeddable":true,"href":"https:\/\/gewerbeverein-lindenhof.de\/index.php?rest_route=%2Fwp%2Fv2%2Fcategories&post=769"},{"taxonomy":"post_tag","embeddable":true,"href":"https:\/\/gewerbeverein-lindenhof.de\/index.php?rest_route=%2Fwp%2Fv2%2Ftags&post=769"}],"curies":[{"name":"wp","href":"https:\/\/api.w.org\/{rel}","templated":true}]}}