{"id":866,"date":"2026-04-29T15:44:01","date_gmt":"2026-04-29T14:44:01","guid":{"rendered":"https:\/\/gewerbeverein-lindenhof.de\/?p=866"},"modified":"2026-04-29T15:44:01","modified_gmt":"2026-04-29T14:44:01","slug":"lanzparkfest-2026","status":"publish","type":"post","link":"https:\/\/gewerbeverein-lindenhof.de\/?p=866","title":{"rendered":"Lanzparkfest 2026"},"content":{"rendered":"<div class=\"fcbkbttn_buttons_block\" id=\"fcbkbttn_left\"><div class=\"fcbkbttn_like \"><fb:like href=\"https:\/\/gewerbeverein-lindenhof.de\/?p=866\" action=\"like\" colorscheme=\"light\" layout=\"button_count\"  size=\"small\"><\/fb:like><\/div><\/div>\n<p><strong>Wir freuen uns auf ein neues Lanz-Park-Fest! Es findet am Wochenende 04.\/05.07.2026 statt.<\/strong><\/p>\n\n\n\n<p>Seit 2011 feiern die Lindenh\u00f6fer dieses \u00fcber die Grenzen des Stadtteils hinaus bekannte und beliebte Fest. Bei guten Getr\u00e4nken und Essen wird im Sonnenschein geplaudert, getanzt und so manches Mal auch gesungen. So soll es auf einem guten Fest sein. Lassen Sie uns endlich mal wieder etwas zusammen erleben.<\/p>\n\n\n\n<p>Sie m\u00f6chten einen Stand buchen? Bewerben Sie sich jetzt! <a href=\"https:\/\/www.lanz-park-fest.de\/2-aussteller-2017\/\">| Aussteller \u2013 Lanz-Park-Fest Mannheim-Lindenhof<\/a>\u00a0<\/p>\n\n\n\n<figure class=\"wp-block-image size-full\"><a href=\"https:\/\/gewerbeverein-lindenhof.de\/wp-content\/uploads\/2022\/08\/kussiIMG-20220731-WA0000.jpg\"><img loading=\"lazy\" decoding=\"async\" width=\"263\" height=\"350\" src=\"https:\/\/gewerbeverein-lindenhof.de\/wp-content\/uploads\/2022\/08\/kussiIMG-20220731-WA0000.jpg\" alt=\"\" class=\"wp-image-809 colorbox-866\" srcset=\"https:\/\/gewerbeverein-lindenhof.de\/wp-content\/uploads\/2022\/08\/kussiIMG-20220731-WA0000.jpg 263w, https:\/\/gewerbeverein-lindenhof.de\/wp-content\/uploads\/2022\/08\/kussiIMG-20220731-WA0000-225x300.jpg 225w\" sizes=\"auto, (max-width: 263px) 100vw, 263px\" \/><\/a><\/figure>\n","protected":false},"excerpt":{"rendered":"<p>Wir freuen uns auf ein neues Lanz-Park-Fest! Es findet am Wochenende 04.\/05.07.2026 statt. Seit 2011 feiern die Lindenh\u00f6fer dieses \u00fcber die Grenzen des Stadtteils hinaus bekannte und beliebte Fest. Bei guten Getr\u00e4nken und Essen wird im Sonnenschein geplaudert, getanzt und &hellip; <a href=\"https:\/\/gewerbeverein-lindenhof.de\/?p=866\">Continue reading <span class=\"meta-nav\">&rarr;<\/span><\/a><\/p>\n","protected":false},"author":60,"featured_media":0,"comment_status":"open","ping_status":"closed","sticky":false,"template":"","format":"standard","meta":{"footnotes":""},"categories":[1],"tags":[],"class_list":["post-866","post","type-post","status-publish","format-standard","hentry","category-mitgliederinfo"],"_links":{"self":[{"href":"https:\/\/gewerbeverein-lindenhof.de\/index.php?rest_route=\/wp\/v2\/posts\/866","targetHints":{"allow":["GET"]}}],"collection":[{"href":"https:\/\/gewerbeverein-lindenhof.de\/index.php?rest_route=\/wp\/v2\/posts"}],"about":[{"href":"https:\/\/gewerbeverein-lindenhof.de\/index.php?rest_route=\/wp\/v2\/types\/post"}],"author":[{"embeddable":true,"href":"https:\/\/gewerbeverein-lindenhof.de\/index.php?rest_route=\/wp\/v2\/users\/60"}],"replies":[{"embeddable":true,"href":"https:\/\/gewerbeverein-lindenhof.de\/index.php?rest_route=%2Fwp%2Fv2%2Fcomments&post=866"}],"version-history":[{"count":1,"href":"https:\/\/gewerbeverein-lindenhof.de\/index.php?rest_route=\/wp\/v2\/posts\/866\/revisions"}],"predecessor-version":[{"id":867,"href":"https:\/\/gewerbeverein-lindenhof.de\/index.php?rest_route=\/wp\/v2\/posts\/866\/revisions\/867"}],"wp:attachment":[{"href":"https:\/\/gewerbeverein-lindenhof.de\/index.php?rest_route=%2Fwp%2Fv2%2Fmedia&parent=866"}],"wp:term":[{"taxonomy":"category","embeddable":true,"href":"https:\/\/gewerbeverein-lindenhof.de\/index.php?rest_route=%2Fwp%2Fv2%2Fcategories&post=866"},{"taxonomy":"post_tag","embeddable":true,"href":"https:\/\/gewerbeverein-lindenhof.de\/index.php?rest_route=%2Fwp%2Fv2%2Ftags&post=866"}],"curies":[{"name":"wp","href":"https:\/\/api.w.org\/{rel}","templated":true}]}}